{"id":2308,"date":"2023-07-10T19:42:19","date_gmt":"2023-07-10T16:42:19","guid":{"rendered":"https:\/\/turas.com.tr\/?p=2308"},"modified":"2023-07-10T19:42:19","modified_gmt":"2023-07-10T16:42:19","slug":"belek-2-aatmizi-serik-kaymakamligi-mal-mudurlugune-iade-ettik","status":"publish","type":"post","link":"https:\/\/turas.com.tr\/?p=2308","title":{"rendered":"Belek 2 AAT&#8217;mizi Serik Kaymakaml\u0131\u011f\u0131 Mal M\u00fcd\u00fcrl\u00fc\u011f\u00fcne \u0130ade Ettik"},"content":{"rendered":"<p>\u0130\u015fletmekte oldu\u011fumuz, Belek\u00a0 B\u00f6lgesinde bulunan Belek 2 AAT&#8217;mizi 29.12.2015 tarihinden itibaren Serik Kaymakaml\u0131\u011f\u0131 Mal M\u00fcd\u00fcrl\u00fc\u011f\u00fcne iade etti\u011fimizi t\u00fcm abonelerimize ilan ederiz.<\/p>\n","protected":false},"excerpt":{"rendered":"<p>\u0130\u015fletmekte oldu\u011fumuz, Belek\u00a0 B\u00f6lgesinde bulunan Belek 2 AAT&#8217;mizi 29.12.2015 tarihinden itibaren Serik Kaymakaml\u0131\u011f\u0131 Mal M\u00fcd\u00fcrl\u00fc\u011f\u00fcne iade etti\u011fimizi t\u00fcm abonelerimize ilan ederiz.<\/p>\n","protected":false},"author":1,"featured_media":2309,"comment_status":"open","ping_status":"open","sticky":false,"template":"","format":"standard","meta":{"footnotes":""},"categories":[1],"tags":[],"class_list":["post-2308","post","type-post","status-publish","format-standard","has-post-thumbnail","hentry","category-haberler"],"_links":{"self":[{"href":"https:\/\/turas.com.tr\/index.php?rest_route=\/wp\/v2\/posts\/2308","targetHints":{"allow":["GET"]}}],"collection":[{"href":"https:\/\/turas.com.tr\/index.php?rest_route=\/wp\/v2\/posts"}],"about":[{"href":"https:\/\/turas.com.tr\/index.php?rest_route=\/wp\/v2\/types\/post"}],"author":[{"embeddable":true,"href":"https:\/\/turas.com.tr\/index.php?rest_route=\/wp\/v2\/users\/1"}],"replies":[{"embeddable":true,"href":"https:\/\/turas.com.tr\/index.php?rest_route=%2Fwp%2Fv2%2Fcomments&post=2308"}],"version-history":[{"count":1,"href":"https:\/\/turas.com.tr\/index.php?rest_route=\/wp\/v2\/posts\/2308\/revisions"}],"predecessor-version":[{"id":2310,"href":"https:\/\/turas.com.tr\/index.php?rest_route=\/wp\/v2\/posts\/2308\/revisions\/2310"}],"wp:featuredmedia":[{"embeddable":true,"href":"https:\/\/turas.com.tr\/index.php?rest_route=\/wp\/v2\/media\/2309"}],"wp:attachment":[{"href":"https:\/\/turas.com.tr\/index.php?rest_route=%2Fwp%2Fv2%2Fmedia&parent=2308"}],"wp:term":[{"taxonomy":"category","embeddable":true,"href":"https:\/\/turas.com.tr\/index.php?rest_route=%2Fwp%2Fv2%2Fcategories&post=2308"},{"taxonomy":"post_tag","embeddable":true,"href":"https:\/\/turas.com.tr\/index.php?rest_route=%2Fwp%2Fv2%2Ftags&post=2308"}],"curies":[{"name":"wp","href":"https:\/\/api.w.org\/{rel}","templated":true}]}}