{"id":2323,"date":"2023-07-10T19:48:07","date_gmt":"2023-07-10T16:48:07","guid":{"rendered":"https:\/\/turas.com.tr\/?p=2323"},"modified":"2023-07-10T19:48:07","modified_gmt":"2023-07-10T16:48:07","slug":"antalyada-2-ucretsiz-halk-plaji-hizmete-girdi","status":"publish","type":"post","link":"https:\/\/turas.com.tr\/?p=2323","title":{"rendered":"Antalya&#8217;da 2 \u00fccretsiz halk plaj\u0131 hizmete girdi"},"content":{"rendered":"<p>Antalya&#8217;da Belek ve Kadriye turizm b\u00f6lgelerinde, be\u015f y\u0131ld\u0131zl\u0131 tesis hizmetinin sunulaca\u011f\u0131 2 \u00fccretsiz halk plaj\u0131 a\u00e7\u0131ld\u0131. K\u00fclt\u00fcr ve Turizm Bakan Yard\u0131mc\u0131s\u0131 Nadir Alpaslan, plajlar\u0131n a\u00e7\u0131l\u0131\u015f\u0131 dolay\u0131s\u0131yla yapt\u0131\u011f\u0131 a\u00e7\u0131klamada, Kadriye&#8217;de 90 bin, Belek&#8217;te 60 bin metrekarelik alanda olu\u015fturulan plajlar\u0131n bug\u00fcn itibar\u0131yla vatanda\u015flar\u0131n kullan\u0131m\u0131na sunuldu\u011funu s\u00f6yledi.<\/p>\n<p>Ge\u00e7en y\u0131l Bodrum ve \u00c7e\u015fme&#8217;de \u00fccretsiz halk plaj\u0131 a\u00e7\u0131l\u0131\u015f\u0131 yapt\u0131klar\u0131n\u0131 anlatan Alpaslan, &#8220;turizmin ba\u015fkenti&#8221; Antalya&#8217;da da turizm a\u00e7\u0131s\u0131ndan \u00f6nemli iki b\u00f6lgenin halk plaj\u0131na kavu\u015ftu\u011funu belirtti.<\/p>\n<p>Yerli ve yabanc\u0131 herkesin plajlardan yararlanabilece\u011fini dile getiren Alpaslan, &#8220;Altyap\u0131 ve kapasitemiz yeterli d\u00fczeyde. \u00c7ok nitelikli, geni\u015f ve ferah bir alan, 5 y\u0131ld\u0131zl\u0131 tesis niteli\u011finde.&#8221; dedi.<\/p>\n<p>T\u00fcrkiye&#8217;nin turizm gelirlerinin artmas\u0131 ve sekt\u00f6rde daha iyi noktaya gelebilmesi i\u00e7in \u00f6nemli \u00e7al\u0131\u015fmalar yapt\u0131klar\u0131n\u0131 vurgulayan Alpaslan, vatanda\u015flar\u0131n daha uygun fiyatlarla ve daha nitelikli tatil yapabilmeleri, denize girebilmeleri i\u00e7in de gerekli ad\u0131mlar\u0131 att\u0131klar\u0131n\u0131 kaydetti.<\/p>\n<p>&nbsp;<\/p>\n<p><center><span id=\"selection-marker-1\" class=\"redactor-selection-marker\"><img decoding=\"async\" src=\"https:\/\/i4.hurimg.com\/i\/hurriyet\/75\/770x0\/5f3e67882269a21018ce0d6f.jpg\" alt=\"23-Nisan-Atat\u00fcrk-tbmm\" \/><\/span><\/center>&nbsp;<\/p>\n<p>Kadriye ve Belek&#8217;teki halk plajlar\u0131n\u0131 \u00f6rnek g\u00f6steren Alpaslan, &#8220;Yiyecek ve i\u00e7ecek hizmetleri \u00e7ok makul ve uygun fiyatlarla verilecek, onun d\u0131\u015f\u0131nda denize girme, otopark, spor alanlar\u0131 ve di\u011fer hizmetler \u00fccretsiz olacak.&#8221; diye konu\u015ftu.<\/p>\n<p>Alpaslan, denizden mahrum turizm tesislerinin misafirlerinin de plajlardan yararlanabilece\u011fini s\u00f6yledi.<\/p>\n<p>&nbsp;<\/p>\n<p><b>Plajlar\u0131n \u00f6zellikleri\u00a0<\/b><\/p>\n<p>Bin ki\u015filik ve 300 ara\u00e7 kapasiteli otoparka sahip Belek Halk Plaj\u0131&#8217;nda kafe, restoran, \u00e7ok ama\u00e7l\u0131 spor sahalar\u0131, y\u00f6resel \u00fcr\u00fcnler halk pazar\u0131 yer al\u0131yor. Plajda Kovid-19 tedbirleri kapsam\u0131nda 400 \u015fezlong hizmet verecek.<\/p>\n<p>\u00dc\u00e7 bin ki\u015filik Kadriye Halk Plaj\u0131&#8217;nda ise piknik i\u00e7in elveri\u015fli 16 bin metrekarelik mesire alan\u0131, 250 ara\u00e7 kapasiteli otopark, k\u00fclt\u00fcr ve sanat aktivitele yerleri, kafe, restoran, pastane, spor ve etkinlik alanlar\u0131, y\u00f6resel \u00fcr\u00fcnler halk pazar\u0131 bulunuyor. Burada ise 600 \u015fezlong vatanda\u015flar\u0131n kullan\u0131m\u0131na sunulacak.<\/p>\n","protected":false},"excerpt":{"rendered":"<p>Antalya&#8217;da Belek ve Kadriye turizm b\u00f6lgelerinde, be\u015f y\u0131ld\u0131zl\u0131 tesis hizmetinin sunulaca\u011f\u0131 2 \u00fccretsiz halk plaj\u0131 a\u00e7\u0131ld\u0131. K\u00fclt\u00fcr ve Turizm Bakan Yard\u0131mc\u0131s\u0131 Nadir Alpaslan, plajlar\u0131n a\u00e7\u0131l\u0131\u015f\u0131 dolay\u0131s\u0131yla yapt\u0131\u011f\u0131 a\u00e7\u0131klamada, Kadriye&#8217;de 90 bin, Belek&#8217;te 60 bin metrekarelik alanda olu\u015fturulan plajlar\u0131n bug\u00fcn itibar\u0131yla vatanda\u015flar\u0131n kullan\u0131m\u0131na sunuldu\u011funu s\u00f6yledi. Ge\u00e7en y\u0131l Bodrum ve \u00c7e\u015fme&#8217;de \u00fccretsiz halk plaj\u0131 a\u00e7\u0131l\u0131\u015f\u0131 yapt\u0131klar\u0131n\u0131 anlatan [&hellip;]<\/p>\n","protected":false},"author":1,"featured_media":2324,"comment_status":"open","ping_status":"open","sticky":false,"template":"","format":"standard","meta":{"footnotes":""},"categories":[1],"tags":[],"class_list":["post-2323","post","type-post","status-publish","format-standard","has-post-thumbnail","hentry","category-haberler"],"_links":{"self":[{"href":"https:\/\/turas.com.tr\/index.php?rest_route=\/wp\/v2\/posts\/2323","targetHints":{"allow":["GET"]}}],"collection":[{"href":"https:\/\/turas.com.tr\/index.php?rest_route=\/wp\/v2\/posts"}],"about":[{"href":"https:\/\/turas.com.tr\/index.php?rest_route=\/wp\/v2\/types\/post"}],"author":[{"embeddable":true,"href":"https:\/\/turas.com.tr\/index.php?rest_route=\/wp\/v2\/users\/1"}],"replies":[{"embeddable":true,"href":"https:\/\/turas.com.tr\/index.php?rest_route=%2Fwp%2Fv2%2Fcomments&post=2323"}],"version-history":[{"count":1,"href":"https:\/\/turas.com.tr\/index.php?rest_route=\/wp\/v2\/posts\/2323\/revisions"}],"predecessor-version":[{"id":2325,"href":"https:\/\/turas.com.tr\/index.php?rest_route=\/wp\/v2\/posts\/2323\/revisions\/2325"}],"wp:featuredmedia":[{"embeddable":true,"href":"https:\/\/turas.com.tr\/index.php?rest_route=\/wp\/v2\/media\/2324"}],"wp:attachment":[{"href":"https:\/\/turas.com.tr\/index.php?rest_route=%2Fwp%2Fv2%2Fmedia&parent=2323"}],"wp:term":[{"taxonomy":"category","embeddable":true,"href":"https:\/\/turas.com.tr\/index.php?rest_route=%2Fwp%2Fv2%2Fcategories&post=2323"},{"taxonomy":"post_tag","embeddable":true,"href":"https:\/\/turas.com.tr\/index.php?rest_route=%2Fwp%2Fv2%2Ftags&post=2323"}],"curies":[{"name":"wp","href":"https:\/\/api.w.org\/{rel}","templated":true}]}}