{"id":2326,"date":"2023-07-10T19:50:02","date_gmt":"2023-07-10T16:50:02","guid":{"rendered":"https:\/\/turas.com.tr\/?p=2326"},"modified":"2023-07-10T19:55:42","modified_gmt":"2023-07-10T16:55:42","slug":"manavgat-ucretsiz-halk-plaji-ve-mesire-alani-hizmete-acildi","status":"publish","type":"post","link":"https:\/\/turas.com.tr\/?p=2326","title":{"rendered":"Manavgat \u00dccretsiz Halk Plaj\u0131 ve Mesire Alan\u0131 Hizmete A\u00e7\u0131ld\u0131"},"content":{"rendered":"<div class=\"clearfix\">\n<p>Ulualan mevkisindeki 700 metre sahil uzunlu\u011funa sahip, 43 bin 607 metrekare alanda toplam 5 bin \u015fezlong kapasiteli plaj, t\u00f6renle halk\u0131n hizmetine sunuldu.<\/p>\n<p><center><img decoding=\"async\" src=\"https:\/\/basin.ktb.gov.tr\/Resim\/364104,2021060424860595665770406jpg.png?0\" alt=\"Manavgat Ulualan Halk Plaj\u0131\" \/><\/center>K\u00fclt\u00fcr ve Turizm Bakan Yard\u0131mc\u0131s\u0131 Nadir Alpaslan, turizmde y\u00fckseli\u015fini h\u0131zla b\u00fcy\u00fcten, \u00f6rnek olan, d\u00fcnyada ilk be\u015f aras\u0131na girmek i\u00e7in k\u0131yas\u0131ya rekabet eden bir sekt\u00f6r olarak, 2019&#8217;da \u00e7ok ba\u015far\u0131l\u0131 bir sezon ge\u00e7irdiklerini s\u00f6yledi.<\/p>\n<p>2023 i\u00e7in Antalya&#8217;da 20 milyon, T\u00fcrkiye&#8217;de 75 milyon turisti a\u011f\u0131rlayarak, 65 milyar dolar gelir sa\u011flamak hedeflerinin oldu\u011funu hat\u0131rlatan Alpaslan, &#8220;Hedeflerimize emin ad\u0131mlarla ilerliyorduk. \u00d6n\u00fcnde sorun g\u00f6z\u00fckm\u00fcyordu. Rakip \u00fclkelere g\u00f6re \u00e7ok \u00fcst\u00fcn \u00f6zelliklerimiz var, arkeolojik de\u011ferlerimiz, k\u00fclt\u00fcr\u00fcm\u00fcz, do\u011fam\u0131z var, kopyalanmas\u0131 m\u00fcmk\u00fcn olmayan \u015feyler. Ancak 2019&#8217;da \u00c7in&#8217;de ortaya \u00e7\u0131kan ve t\u00fcm d\u00fcnyay\u0131 etkileyen salg\u0131n bizi de etkiledi. Vir\u00fcs belas\u0131yla t\u00fcm d\u00fcnya olarak m\u00fccadele ediyoruz. \u0130n\u015fallah a\u015f\u0131lama \u00e7al\u0131\u015fmalar\u0131yla beraber bu y\u0131l g\u00fcndemimizden d\u00fc\u015f\u00fcr\u00fcr\u00fcz ve tekrar hedeflerimize emin ad\u0131mlarla ilerleriz.&#8221; diye konu\u015ftu.<\/p>\n<p><center><img decoding=\"async\" src=\"https:\/\/basin.ktb.gov.tr\/Resim\/364103,2021060424860595665770405jpg.png?0\" alt=\"Manavgat Ulualan Halk Plaj\u0131\" \/><\/center><br \/>\nAlpaslan, turizmin katma de\u011feri y\u00fcksek, tar\u0131mdan mobilyaya kadar 52 sekt\u00f6r\u00fc etkiledi\u011fini bildirdi.<\/p>\n<p><b>&#8220;Tekrar Turizm Hareketlili\u011finin Olmas\u0131 i\u00e7in \u00d6nemli \u00c7al\u0131\u015fmalar Yap\u0131yoruz&#8221;<\/b><\/p>\n<p>Salg\u0131nla m\u00fccadele ettiklerine de\u011finen Alpaslan, \u015funlar\u0131 aktard\u0131:<\/p>\n<p>&#8220;Salg\u0131nla beraber Antalya ve T\u00fcrkiye turizmi a\u00e7\u0131s\u0131ndan da son derece s\u0131k\u0131nt\u0131l\u0131 g\u00fcnler ge\u00e7irdik. Bakanl\u0131k ve \u00fclke olarak birebir ilgilenerek, \u00fclkelerden u\u00e7u\u015f trafi\u011finin \u00fclkemize sa\u011flanmas\u0131 ve tekrar turizm hareketlili\u011finin olmas\u0131 i\u00e7in \u00f6nemli \u00e7al\u0131\u015fmalar yap\u0131yoruz. \u0130n\u015fallah bu ay tamamlanmadan ba\u015fta Rusya olmak \u00fczere u\u00e7u\u015f trafikleri a\u00e7\u0131larak, tekrar turizmde bekledi\u011fimiz bereketli g\u00fcnlere ula\u015fmay\u0131 umut ediyoruz, buna y\u00f6nelik i\u015faretler var. Bakanl\u0131k olarak turizmin bu kadar geli\u015fti\u011fi bir s\u00fcre\u00e7te ba\u015fta b\u00f6lge insanlar\u0131 olmak \u00fczere T\u00fcrkiye&#8217;ye tatile gelen insanlar\u0131n da rahat\u00e7a denize girmeleri, tatilden faydalanmalar\u0131n\u0131 sa\u011flamak i\u00e7in \u00fccretsiz halk plajlar\u0131n\u0131 hizmete sunuyoruz.&#8221;<\/p>\n<p>Turizmde \u00e7evreye de \u00f6nem verdiklerini belirten Alpaslan, do\u011fal ya\u015fam\u0131 koruyan, s\u00fcrd\u00fcr\u00fclebilirlik ilkelerine uygun tesis kazand\u0131rd\u0131klar\u0131n\u0131, be\u015f y\u0131ld\u0131zl\u0131 tesis ayar\u0131nda hizmet sa\u011fland\u0131\u011f\u0131n\u0131 anlatt\u0131.<\/p>\n<p><b>&#8220;Tesis Kurulmadan Deniz Kaplumba\u011falar\u0131n\u0131n Korunmas\u0131 i\u00e7in \u0130\u015f Birli\u011fi Yap\u0131ld\u0131&#8221;<\/b><\/p>\n<p><center><img decoding=\"async\" src=\"https:\/\/basin.ktb.gov.tr\/Resim\/364100,0ef2dacf-cb16-463e-964d-a5dce52da1bfjpg.png?0\" alt=\"Manavgat Ulualan Halk Plaj\u0131\" \/><\/center>&nbsp;<\/p>\n<p>Ekolojik Ara\u015ft\u0131rmalar Derne\u011fi Y\u00f6netim Kurulu Ba\u015fkan\u0131 Dr. Ali Fuat Canbolat da tesis kurulmadan deniz kaplumba\u011falar\u0131n\u0131n korunmas\u0131 i\u00e7in i\u015f birli\u011fi yap\u0131ld\u0131\u011f\u0131n\u0131 kaydetti.<\/p>\n<p>\u015eezlong ve \u015femsiyelerin \u00e7evreyi ve canl\u0131lar\u0131 koruyacak \u015fekilde kuruldu\u011funu aktaran Canbolat, &#8220;K\u00fclt\u00fcr ve Turizm Bakanl\u0131\u011f\u0131m\u0131z caretta caretta ba\u015fta olmak \u00fczere deniz canl\u0131lar\u0131n\u0131, \u00e7evreyi korumak, destek sunmak i\u00e7in \u00f6nemli bir \u00e7al\u0131\u015fma yapt\u0131. Yerel y\u00f6netimler, \u00fcniversite, devlet ve dernek olarak ortak \u00e7al\u0131\u015fma ad\u0131na \u00f6nemli bir ad\u0131m oldu.&#8221; diye konu\u015ftu.<\/p>\n<p>Konu\u015fmalar\u0131n ard\u0131ndan Alpaslan&#8217;a a\u00e7\u0131l\u0131\u015f\u0131 yap\u0131lan tesisisin &#8220;mavi bayra\u011f\u0131&#8221; teslim edildi. Alpaslan, Vali Ersin Yaz\u0131c\u0131 ve protokol \u00fcyeleri plaj\u0131n a\u00e7\u0131l\u0131\u015f\u0131n\u0131 ger\u00e7ekle\u015ftirdi, alan\u0131 gezdi.<\/p>\n<div>Kaynak :\u00a0\u00a0<a href=\"https:\/\/basin.ktb.gov.tr\/TR-288924\/manavgat-ucretsiz-halk-plaji-ve-mesire-alani-hizmete-ac-.html\" target=\"_blank\" rel=\"noopener\">https:\/\/basin.ktb.gov.tr\/TR-288924\/manavgat-ucretsiz-halk-plaji-ve-mesire-alani-hizmete-ac-.html<\/a><\/div>\n<\/div>\n<div class=\"wojo divider\"><\/div>\n<div class=\"wojo horizontal divided list\">\n<div class=\"item\"><\/div>\n<\/div>\n","protected":false},"excerpt":{"rendered":"<p>Ulualan mevkisindeki 700 metre sahil uzunlu\u011funa sahip, 43 bin 607 metrekare alanda toplam 5 bin \u015fezlong kapasiteli plaj, t\u00f6renle halk\u0131n hizmetine sunuldu. K\u00fclt\u00fcr ve Turizm Bakan Yard\u0131mc\u0131s\u0131 Nadir Alpaslan, turizmde y\u00fckseli\u015fini h\u0131zla b\u00fcy\u00fcten, \u00f6rnek olan, d\u00fcnyada ilk be\u015f aras\u0131na girmek i\u00e7in k\u0131yas\u0131ya rekabet eden bir sekt\u00f6r olarak, 2019&#8217;da \u00e7ok ba\u015far\u0131l\u0131 bir sezon ge\u00e7irdiklerini s\u00f6yledi. 2023 [&hellip;]<\/p>\n","protected":false},"author":1,"featured_media":2332,"comment_status":"open","ping_status":"open","sticky":false,"template":"","format":"standard","meta":{"footnotes":""},"categories":[1],"tags":[],"class_list":["post-2326","post","type-post","status-publish","format-standard","has-post-thumbnail","hentry","category-haberler"],"_links":{"self":[{"href":"https:\/\/turas.com.tr\/index.php?rest_route=\/wp\/v2\/posts\/2326","targetHints":{"allow":["GET"]}}],"collection":[{"href":"https:\/\/turas.com.tr\/index.php?rest_route=\/wp\/v2\/posts"}],"about":[{"href":"https:\/\/turas.com.tr\/index.php?rest_route=\/wp\/v2\/types\/post"}],"author":[{"embeddable":true,"href":"https:\/\/turas.com.tr\/index.php?rest_route=\/wp\/v2\/users\/1"}],"replies":[{"embeddable":true,"href":"https:\/\/turas.com.tr\/index.php?rest_route=%2Fwp%2Fv2%2Fcomments&post=2326"}],"version-history":[{"count":1,"href":"https:\/\/turas.com.tr\/index.php?rest_route=\/wp\/v2\/posts\/2326\/revisions"}],"predecessor-version":[{"id":2328,"href":"https:\/\/turas.com.tr\/index.php?rest_route=\/wp\/v2\/posts\/2326\/revisions\/2328"}],"wp:featuredmedia":[{"embeddable":true,"href":"https:\/\/turas.com.tr\/index.php?rest_route=\/wp\/v2\/media\/2332"}],"wp:attachment":[{"href":"https:\/\/turas.com.tr\/index.php?rest_route=%2Fwp%2Fv2%2Fmedia&parent=2326"}],"wp:term":[{"taxonomy":"category","embeddable":true,"href":"https:\/\/turas.com.tr\/index.php?rest_route=%2Fwp%2Fv2%2Fcategories&post=2326"},{"taxonomy":"post_tag","embeddable":true,"href":"https:\/\/turas.com.tr\/index.php?rest_route=%2Fwp%2Fv2%2Ftags&post=2326"}],"curies":[{"name":"wp","href":"https:\/\/api.w.org\/{rel}","templated":true}]}}