{"id":2329,"date":"2023-07-10T19:51:07","date_gmt":"2023-07-10T16:51:07","guid":{"rendered":"https:\/\/turas.com.tr\/?p=2329"},"modified":"2023-07-10T19:51:07","modified_gmt":"2023-07-10T16:51:07","slug":"bodrum-halk-plaji-acildi","status":"publish","type":"post","link":"https:\/\/turas.com.tr\/?p=2329","title":{"rendered":"Bodrum Halk Plaj\u0131 A\u00e7\u0131ld\u0131"},"content":{"rendered":"<p>A\u00e7\u0131l\u0131\u015f program\u0131nda gazetecilere a\u00e7\u0131klama yapan K\u00fclt\u00fcr ve Turizm Bakan\u0131 Mehmet Nuri Ersoy, s\u00f6zlerine vatanda\u015flar\u0131n Ramazan Bayram\u0131&#8217;n\u0131 kutlayarak ba\u015flad\u0131.<\/p>\n<p>Bayramla birlikte Bodrum&#8217;un sezona h\u0131zl\u0131 giri\u015f yapt\u0131\u011f\u0131n\u0131 vurgulayan Ersoy, &#8220;Bu sene biliyorsunuz turist say\u0131lar\u0131nda ciddi bir art\u0131\u015f var. \u0130lk 4 ayl\u0131k veriler olduk\u00e7a olumlu geldi. T\u00fcrkiye genelinde y\u00fczde 12,22&#8217;lik bir art\u0131\u015f yakalad\u0131k. May\u0131s ay\u0131nda da ramazan etkisine ra\u011fmen art\u0131\u015f\u0131n devam eti\u011fini g\u00f6zlemliyoruz. \u0130n\u015fallah b\u00fct\u00fcn sezon bu art\u0131\u015f devam edecek. Bu sene i\u00e7in hedefledi\u011fimiz turist say\u0131s\u0131na eri\u015fece\u011fiz&#8221; dedi.<\/p>\n<p><span id=\"selection-marker-1\" class=\"redactor-selection-marker\"><img decoding=\"async\" src=\"https:\/\/cdn1.ntv.com.tr\/gorsel\/3mzPuEuSiE22fLIorjlIjw.jpg\" alt=\"23-Nisan-Atat\u00fcrk-tbmm\" \/><\/span><\/p>\n<p>Ge\u00e7en seneden itibaren hem hedefleri y\u00fckselttiklerini, hem de daha nitelikli turiste hitap edebilecek yeni bir turizm stratejisi belirleme karar\u0131 ald\u0131klar\u0131n\u0131 aktaran Ersoy, bu do\u011frultuda konaklama d\u0131\u015f\u0131 geliri y\u00fcksek olan turisti hedeflediklerini, hem de turizmin 81 ile yay\u0131lmas\u0131n\u0131 planlad\u0131klar\u0131n\u0131 dile getirdi.<\/p>\n<p><b>&#8220;YEREL HALKIN DA \u0130HT\u0130YA\u00c7LARINI G\u00d6RMEL\u0130Y\u0130Z&#8221;<\/b><\/p>\n<p><b><img decoding=\"async\" src=\"https:\/\/cdn1.ntv.com.tr\/gorsel\/x50vUzcvJEq7rocfjf-fIg.jpg\" alt=\"Mehmet Nuri ERSOY\" \/><br \/>\n<\/b><\/p>\n<p>Ersoy, vatanda\u015flara ge\u00e7en sene halk plajlar\u0131yla ilgili bir s\u00f6z verdi\u011fini hat\u0131rlatarak, \u015f\u00f6yle konu\u015ftu:<\/p>\n<p>&#8220;Turizm deyince sadece yabanc\u0131 turisti d\u00fc\u015f\u00fcnmemek laz\u0131m. \u00d6zellik turizm b\u00f6lgelerinde ya\u015fayan yerel halk\u0131n da ihtiya\u00e7lar\u0131n\u0131 g\u00f6rmeliyiz. Ge\u00e7en sene Bakanl\u0131k olarak bir s\u00f6z\u00fcm\u00fcz vard\u0131. Turizmin yo\u011fun yap\u0131ld\u0131\u011f\u0131 b\u00f6lgelerde Antalya, Bodrum, Dalaman ya da \u0130zmir olsun yerel halk\u0131n da sorunlar\u0131n\u0131 \u00e7\u00f6zecek baz\u0131 form\u00fcller geli\u015ftirmekti. Bu ba\u011flamda halk plajlar\u0131 projesini geli\u015ftirmi\u015ftik.<\/p>\n<p>Bug\u00fcn Allah&#8217;\u0131n izniyle halk plajlar\u0131n\u0131n ilkini Bodrum&#8217;da, ikincisini de\u00a0 \u00c7e\u015fme&#8217;de hizmete a\u00e7\u0131yoruz. 400&#8217;er ki\u015filik halk plajlar\u0131 bu sene deneme mahiyetinde ilk kez a\u00e7\u0131lacak. \u0130n\u015fallah bundan sonra da her y\u0131l 4-5 tane bunlara ilave ederek ihtiya\u00e7 duyulan b\u00f6lgelerde yerel halka y\u00f6nelik, b\u00f6lgedeki emsallerine kar\u015f\u0131 \u00e7ok daha makul fiyatlarla hizmet verecek halk plajlar\u0131n\u0131 devreye al\u0131yoruz. Bodrum ve \u00c7e\u015fme halk\u0131na \u015fimdiden hay\u0131rl\u0131 olsun.&#8221;<\/p>\n<p>Gelecek sene de Mu\u011fla ve \u0130zmir&#8217;in di\u011fer il\u00e7eleriyle Antalya&#8217;n\u0131n baz\u0131 il\u00e7elerine bu plajlar\u0131 yayarak zinciri geli\u015ftireceklerine de\u011finen Ersoy, iyi ba\u015flayan sezonun y\u0131l sonuna kadar g\u00fczel haberlerle 2023 hedefleriyle ilgili altyap\u0131y\u0131 olu\u015fturacak \u015fekilde devam etmesini diledi.<\/p>\n<p>G\u0130R\u0130\u015e \u00dcCRETS\u0130Z<\/p>\n<p>Halk plajlar\u0131na giri\u015fin \u00fccretsiz olaca\u011f\u0131n\u0131 vurgulayan Ersoy, bu plajlarda kaliteyi de koruduklar\u0131n\u0131, plajlar\u0131n emsallerine g\u00f6re \u00e7ok daha makul fiyatlarda hizmet verece\u011fini ifade etti.<\/p>\n<p>Ersoy, a\u00e7\u0131l\u0131\u015f\u0131n ard\u0131ndan halk plaj\u0131 kafeteryas\u0131nda program\u0131 takip eden gazetecilere lahmacun, ayran ve \u00e7ay ikram\u0131nda bulundu.<\/p>\n<p>Programa, K\u00fclt\u00fcr ve Turizm Bakan Yard\u0131mc\u0131lar\u0131 Nadir Alparslan ve \u00d6zg\u00fcl \u00d6zkan Yavuz&#8217;un yan\u0131 s\u0131ra AK Parti Mu\u011fla Milletvekili Mehmet Yavuz Demir, Bodrum Kaymakam\u0131 Bekir Y\u0131lmaz, Belediye Ba\u015fkan\u0131 Ahmet Aras, Mu\u011fla \u0130l K\u00fclt\u00fcr Turizm M\u00fcd\u00fcr Vekili Filiz Karacaa\u011fa\u00e7 ile vatanda\u015flar kat\u0131ld\u0131.<\/p>\n<p>&nbsp;<\/p>\n<p>&nbsp;<\/p>\n<p>&nbsp;<\/p>\n<p>Kaynak :\u00a0<a href=\"https:\/\/www.ntv.com.tr\/galeri\/turkiye\/bodrum-halk-plaji-acildi,vrdkqFGju0WxDK6BmS9BCQ\/h5TcZ3Fch0GYtLi_7EiBYg\" target=\"_blank\" rel=\"noopener\">https:\/\/www.ntv.com.tr\/galeri\/turkiye\/bodrum-halk-plaji-acildi,vrdkqFGju0WxDK6BmS9BCQ\/h5TcZ3Fch0GYtLi_7EiBYg<\/a><\/p>\n","protected":false},"excerpt":{"rendered":"<p>A\u00e7\u0131l\u0131\u015f program\u0131nda gazetecilere a\u00e7\u0131klama yapan K\u00fclt\u00fcr ve Turizm Bakan\u0131 Mehmet Nuri Ersoy, s\u00f6zlerine vatanda\u015flar\u0131n Ramazan Bayram\u0131&#8217;n\u0131 kutlayarak ba\u015flad\u0131. Bayramla birlikte Bodrum&#8217;un sezona h\u0131zl\u0131 giri\u015f yapt\u0131\u011f\u0131n\u0131 vurgulayan Ersoy, &#8220;Bu sene biliyorsunuz turist say\u0131lar\u0131nda ciddi bir art\u0131\u015f var. \u0130lk 4 ayl\u0131k veriler olduk\u00e7a olumlu geldi. T\u00fcrkiye genelinde y\u00fczde 12,22&#8217;lik bir art\u0131\u015f yakalad\u0131k. May\u0131s ay\u0131nda da ramazan etkisine [&hellip;]<\/p>\n","protected":false},"author":1,"featured_media":2330,"comment_status":"open","ping_status":"open","sticky":false,"template":"","format":"standard","meta":{"footnotes":""},"categories":[1],"tags":[],"class_list":["post-2329","post","type-post","status-publish","format-standard","has-post-thumbnail","hentry","category-haberler"],"_links":{"self":[{"href":"https:\/\/turas.com.tr\/index.php?rest_route=\/wp\/v2\/posts\/2329","targetHints":{"allow":["GET"]}}],"collection":[{"href":"https:\/\/turas.com.tr\/index.php?rest_route=\/wp\/v2\/posts"}],"about":[{"href":"https:\/\/turas.com.tr\/index.php?rest_route=\/wp\/v2\/types\/post"}],"author":[{"embeddable":true,"href":"https:\/\/turas.com.tr\/index.php?rest_route=\/wp\/v2\/users\/1"}],"replies":[{"embeddable":true,"href":"https:\/\/turas.com.tr\/index.php?rest_route=%2Fwp%2Fv2%2Fcomments&post=2329"}],"version-history":[{"count":1,"href":"https:\/\/turas.com.tr\/index.php?rest_route=\/wp\/v2\/posts\/2329\/revisions"}],"predecessor-version":[{"id":2331,"href":"https:\/\/turas.com.tr\/index.php?rest_route=\/wp\/v2\/posts\/2329\/revisions\/2331"}],"wp:featuredmedia":[{"embeddable":true,"href":"https:\/\/turas.com.tr\/index.php?rest_route=\/wp\/v2\/media\/2330"}],"wp:attachment":[{"href":"https:\/\/turas.com.tr\/index.php?rest_route=%2Fwp%2Fv2%2Fmedia&parent=2329"}],"wp:term":[{"taxonomy":"category","embeddable":true,"href":"https:\/\/turas.com.tr\/index.php?rest_route=%2Fwp%2Fv2%2Fcategories&post=2329"},{"taxonomy":"post_tag","embeddable":true,"href":"https:\/\/turas.com.tr\/index.php?rest_route=%2Fwp%2Fv2%2Ftags&post=2329"}],"curies":[{"name":"wp","href":"https:\/\/api.w.org\/{rel}","templated":true}]}}