{"id":2881,"date":"2023-07-21T18:43:06","date_gmt":"2023-07-21T15:43:06","guid":{"rendered":"https:\/\/turas.com.tr\/?p=2881"},"modified":"2023-07-21T18:43:06","modified_gmt":"2023-07-21T15:43:06","slug":"bahcecik-halk-plaji","status":"publish","type":"post","link":"https:\/\/turas.com.tr\/?p=2881","title":{"rendered":"Bah\u00e7ecik Halk Plaj\u0131"},"content":{"rendered":"<section class=\"wpb-content-wrapper\"><p>[vc_row css=&#8221;.vc_custom_1689162907067{margin-top: 30px !important;}&#8221;][vc_column][vc_images_carousel images=&#8221;2590,2591,2592,2593&#8243; img_size=&#8221;1145&#215;500&#8243;][vc_column_text][\/vc_column_text][vc_column_text][\/vc_column_text][\/vc_column][\/vc_row][vc_row][vc_column width=&#8221;1\/4&#8243;][vc_single_image image=&#8221;2614&#8243; img_size=&#8221;250&#215;250&#8243;][vc_custom_heading text=&#8221;\u00dccretsiz Ki\u015fi Giri\u015fi&#8221; font_container=&#8221;tag:h5|text_align:center&#8221; google_fonts=&#8221;font_family:Ubuntu%3A300%2C300italic%2Cregular%2Citalic%2C500%2C500italic%2C700%2C700italic|font_style:400%20regular%3A400%3Anormal&#8221;][vc_column_text]<\/p>\n<p style=\"text-align: center;\">T\u00fcm plajlar\u0131m\u0131zda Ki\u015filerin giri\u015flerinden \u00fccret al\u0131nmamaktad\u0131r.<\/p>\n<p>[\/vc_column_text][\/vc_column][vc_column width=&#8221;1\/4&#8243;][vc_single_image image=&#8221;2615&#8243; img_size=&#8221;250&#215;250&#8243;][vc_custom_heading text=&#8221;Uygun Fiyatlar&#8221; font_container=&#8221;tag:h5|text_align:center&#8221; google_fonts=&#8221;font_family:Ubuntu%3A300%2C300italic%2Cregular%2Citalic%2C500%2C500italic%2C700%2C700italic|font_style:400%20regular%3A400%3Anormal&#8221;][vc_column_text]<\/p>\n<p style=\"text-align: center;\">Uygun fiyatlar ile sizlere en kaliteli leziz \u00fcr\u00fcnleri sunar\u0131z<\/p>\n<p>[\/vc_column_text][\/vc_column][vc_column width=&#8221;1\/4&#8243;][vc_single_image image=&#8221;2616&#8243; img_size=&#8221;250&#215;250&#8243;][vc_custom_heading text=&#8221;Temiz Sahiller&#8221; font_container=&#8221;tag:h5|text_align:center&#8221; google_fonts=&#8221;font_family:Ubuntu%3A300%2C300italic%2Cregular%2Citalic%2C500%2C500italic%2C700%2C700italic|font_style:400%20regular%3A400%3Anormal&#8221;][vc_column_text]<\/p>\n<p style=\"text-align: center;\">Sizler\u00a0 gelmeden \u00f6nce her sabah sizin i\u00e7in sahiller d\u00fczenlenir temizlenir.<\/p>\n<p>[\/vc_column_text][\/vc_column][vc_column width=&#8221;1\/4&#8243;][vc_single_image image=&#8221;2617&#8243; img_size=&#8221;250&#215;250&#8243;][vc_custom_heading text=&#8221;Engelli Dostu&#8221; font_container=&#8221;tag:h5|text_align:center&#8221; google_fonts=&#8221;font_family:Ubuntu%3A300%2C300italic%2Cregular%2Citalic%2C500%2C500italic%2C700%2C700italic|font_style:400%20regular%3A400%3Anormal&#8221;][vc_column_text]<\/p>\n<p style=\"text-align: center;\">Halk plajlar\u0131m\u0131z engelli dostlar\u0131m\u0131z\u0131n kullan\u0131m\u0131 i\u00e7in tasarlanm\u0131\u015ft\u0131r.<\/p>\n<p>[\/vc_column_text][\/vc_column][\/vc_row][vc_row][vc_column width=&#8221;1\/4&#8243;][vc_single_image image=&#8221;2618&#8243; img_size=&#8221;250&#215;250&#8243;][vc_custom_heading text=&#8221;Otopark&#8221; font_container=&#8221;tag:h5|text_align:center&#8221; google_fonts=&#8221;font_family:Ubuntu%3A300%2C300italic%2Cregular%2Citalic%2C500%2C500italic%2C700%2C700italic|font_style:400%20regular%3A400%3Anormal&#8221;][vc_column_text]<\/p>\n<p style=\"text-align: center;\">7\/24 G\u00fcvenlik kameralar\u0131 ile takip edilen otoparklar.<\/p>\n<p>[\/vc_column_text][\/vc_column][vc_column width=&#8221;1\/4&#8243;][vc_single_image image=&#8221;2619&#8243; img_size=&#8221;250&#215;250&#8243;][vc_custom_heading text=&#8221;Spor Alanlar\u0131&#8221; font_container=&#8221;tag:h5|text_align:center&#8221; google_fonts=&#8221;font_family:Ubuntu%3A300%2C300italic%2Cregular%2Citalic%2C500%2C500italic%2C700%2C700italic|font_style:400%20regular%3A400%3Anormal&#8221;][vc_column_text]<\/p>\n<p style=\"text-align: center;\">Vatanda\u015flar\u0131m\u0131z\u0131n kullan\u0131m\u0131na sunulan spor alanlar\u0131<\/p>\n<p>[\/vc_column_text][\/vc_column][vc_column width=&#8221;1\/4&#8243;][vc_single_image image=&#8221;2620&#8243; img_size=&#8221;250&#215;250&#8243;][vc_custom_heading text=&#8221;Restoran &amp; Pastahane&#8221; font_container=&#8221;tag:h5|text_align:center&#8221; google_fonts=&#8221;font_family:Ubuntu%3A300%2C300italic%2Cregular%2Citalic%2C500%2C500italic%2C700%2C700italic|font_style:400%20regular%3A400%3Anormal&#8221;][vc_column_text]<\/p>\n<p style=\"text-align: center;\">Self Servis olarak hizmet veren restoranlar\u0131m\u0131zda en kaliteli \u00fcr\u00fcnler.<\/p>\n<p>[\/vc_column_text][\/vc_column][vc_column width=&#8221;1\/4&#8243;][vc_single_image image=&#8221;2621&#8243; img_size=&#8221;250&#215;250&#8243;][vc_custom_heading text=&#8221;Alkols\u00fcz Tesisler&#8221; font_container=&#8221;tag:h5|text_align:center&#8221; google_fonts=&#8221;font_family:Ubuntu%3A300%2C300italic%2Cregular%2Citalic%2C500%2C500italic%2C700%2C700italic|font_style:400%20regular%3A400%3Anormal&#8221;][vc_column_text]<\/p>\n<p style=\"text-align: center;\">Plajlar\u0131m\u0131zda alkol sat\u0131\u015f\u0131 yap\u0131lmamaktad\u0131r.<\/p>\n<p>[\/vc_column_text][\/vc_column][\/vc_row][vc_row css=&#8221;.vc_custom_1689667568113{background-color: #ffffff !important;}&#8221;][vc_column width=&#8221;1\/2&#8243;][vc_column_text]<\/p>\n<table class=\"wojo table\">\n<tbody>\n<tr>\n<td>\n<p>&nbsp;<\/p>\n<p><b>Tesis Sorumlusu\u00a0\u00a0 :\u00a0<\/b><\/p>\n<p><b>Tesis Telefon\u00a0 \u00a0 \u00a0 \u00a0<\/b><b>\u00a0\u00a0:\u00a0<\/b>0312 223 27 02<\/p>\n<p><b>Tesis Eposta \u00a0 \u00a0 \u00a0 \u00a0 \u00a0:\u00a0<\/b>belek@turas.com.tr<\/p>\n<p><b>Tesis Adresi\u00a0 \u00a0 \u00a0 \u00a0 \u00a0\u00a0:\u00a0<\/b>Belek Mahallesi G\u00fcn\u00fcbirlik Caddesi 122 Sokak No 8 Serik\/ANTALYA<\/p>\n<p><b>Tesis Niteli\u011fi\u00a0 \u00a0 \u00a0 \u00a0\u00a0\u00a0:<\/b>\u00a0G\u00fcn\u00fcbirlik Halk Plaj\u0131<\/p>\n<p><b>Tesis Kapasitesi\u00a0 \u00a0:<\/b>\u00a03000<\/p>\n<p><b>Tesis Otopark\u00a0 \u00a0 \u00a0<\/b><b>\u00a0 :\u00a0<\/b>450 Ara\u00e7<\/p>\n<p><b>Tesis Bilgi\u00a0 \u00a0 \u00a0 \u00a0 \u00a0 \u00a0 \u00a0:\u00a0<\/b>Restoran, Pastahane, Dinlence Alanlar\u0131, E\u011flence Alanlar\u0131, Spor Alanlar\u0131, Tuvaletler, Du\u015fluklar, Erkek Kad\u0131n Mescid, \u00c7ocuk Park\u0131,<\/p>\n<p><b>Belek Tarih ve Co\u011frafi \u00d6zellikleri :<\/b><\/p>\n<p>Belek, antik \u00e7a\u011flarda Pamfilya olarak bilinen ve zengin bir su havzas\u0131 olan b\u00f6lgenin ortas\u0131nda yer al\u0131r. \u201cBu\u0308tu\u0308n kavimlerin ya\u015fad\u0131\u011f\u0131 yer\u201d anlam\u0131na gelen Pamfilya, isminden de anla\u015f\u0131laca\u011f\u0131 gibi antik \u00e7a\u011flardan beri g\u00f6zde olan \u00f6nemli bir co\u011frafya. Pamfilya\u2019da yap\u0131lan ara\u015ft\u0131rmalar, uygarl\u0131\u011f\u0131n bu topraklarda Paleolitik \u00e7a\u011fa kadar gitti\u011fini g\u00f6steriyor.<\/p>\n<p>Pamfilya b\u00f6lgesinin \u00f6nemli kentleri Aspendos\u2019a 17 km, Perge\u2019ye 30 km ve Sillyon\u2019a 15 km uzakl\u0131kta yer alan Belek&#8217;te, tarihin gizemli izlerine rastlayabilirsiniz. Antik kimli\u011fi ile uygarl\u0131klar ge\u00e7idi olan Belek, milyonlarca insan\u0131n an\u0131lar\u0131nda ve kalbinde yer alan b\u00fcy\u00fcleyici bir turizm cenneti.<\/p>\n<p><b>Belek\u2019in Turizm Sahnesine Giri\u015fi<\/b><\/p>\n<p>Belek Turizm Merkezi\u2019nde 1984 y\u0131l\u0131nda ba\u015flayan kitle turizmi hareketi, 90\u2019l\u0131 y\u0131llarda golf turizmiyle \u00e7e\u015fitlendi ve 2006 itibar\u0131yla bug\u00fcnk\u00fc halini ald\u0131. 1982 y\u0131l\u0131nda \u00e7\u0131kar\u0131lan Turizmi Te\u015fvik Kanunu\u2019nun turizme y\u00f6n vermesi a\u00e7\u0131s\u0131ndan \u00f6nemi b\u00fcy\u00fck. Zira bu kanunla turizm end\u00fcstrisinin geli\u015fimi yasal bir mevzuatla desteklenmi\u015f oldu. Yasan\u0131n ard\u0131ndan, \u00f6zellikle g\u00fcney k\u0131y\u0131lar\u0131nda yat\u0131r\u0131m faaliyetleri artt\u0131 ve Antalya, kaynaklar\u0131n\u0131n \u00e7e\u015fitlili\u011fi ve elveri\u015fli iklimiyle bir \u00e7ekim merkezine d\u00f6n\u00fc\u015ft\u00fc. T\u00fcm bu geli\u015fmelerin ard\u0131ndan, Do\u011fu Antalya Turizm Geli\u015fim Projesi\u2019nin \u00f6nemli bir alt merkezi olarak da ortaya Belek Turizm Merkezi \u00e7\u0131kt\u0131.<\/p>\n<p>Belek\u2019in bir turizm merkezi olarak s\u0131n\u0131rlar\u0131 ilk olarak 1984 y\u0131l\u0131nda belirlendi ve bu merkezin tamamen kitle turizmine hizmet etmesi hedef al\u0131nd\u0131.Belek Turizm Merkezi\u2019ndeki ilk planlama \u00e7al\u0131\u015fmas\u0131 Ku\u0308ltu\u0308r ve Turizm Bakanl\u0131\u011f\u0131 taraf\u0131ndan haz\u0131rland\u0131 ve 1986 y\u0131l\u0131nda Serik Belediye Ba\u015fkanl\u0131\u011f\u0131\u2019nca onayland\u0131. S\u00f6z konusu naz\u0131m imar plan\u0131 ile Belek, 21 Temmuz 1986\u2019da Do\u011fu ve Bat\u0131 olarak iki b\u00f6lgeye ayr\u0131ld\u0131.<\/td>\n<\/tr>\n<\/tbody>\n<\/table>\n<p>[\/vc_column_text][\/vc_column][vc_column width=&#8221;1\/2&#8243;][vc_column_text]&nbsp;<\/p>\n<p>Buna g\u00f6re Bat\u0131 Belek, \u00dc\u00e7u\u0308ncu\u0308 Kum Tepesi ve Ta\u015fl\u0131burun mevkilerini i\u00e7ine al\u0131yordu. \u00dc\u00e7u\u0308ncu\u0308 Kum Tepesi\u2019nde yakla\u015f\u0131k 25 hektarl\u0131k ve 900 u\u0308nite kapasiteli iki kamp alan\u0131 ve 45 hektarl\u0131k ve 4 bin 500 yatak kapasiteli konaklama tesisleri planlanm\u0131\u015ft\u0131. Ta\u015fl\u0131burun\u2019da ise 72 hektarl\u0131k alanda 7 bin 200 yatak kapasiteli konaklama u\u0308nitesi yap\u0131lmas\u0131 \u00f6ng\u00f6ru\u0308lu\u0308yordu. Do\u011fu Belek ise \u0130skele, \u0130leriba\u015f\u0131 ve Ac\u0131su mevkilerini i\u00e7eriyordu. \u0130skele\u2019de 9 hektarl\u0131k ve 324 u\u0308nite kapasiteli kamp alan\u0131, 49 hektarl\u0131k ve 4 bin 900 yatak kapasiteli konaklama tesisleri planlanm\u0131\u015ft\u0131. \u0130leriba\u015f\u0131\u2019nda 840 yatak kapasiteli Kamu Kurumlar\u0131 E\u011fitim ve Dinlenme Tesisleri Alan\u0131, 10 bin 973 yatak kapasiteli sosyal turizm alan\u0131 ve 15 hektar bu\u0308yu\u0308klu\u0308\u011fu\u0308nde gu\u0308nu\u0308birlik alan; Ac\u0131su\u2019da ise 57.5 hektarda 5 bin 750 yatak kapasitesi \u00f6nerilmi\u015fti. Ayr\u0131ca, Aksu ve Be\u015fg\u00f6z dereleri aras\u0131nda, b\u00f6lgenin flora ve faunas\u0131n\u0131n korunaca\u011f\u0131, y\u00f6re halk\u0131n\u0131n da rekreatif ama\u00e7l\u0131 kullanabilece\u011fi bir b\u00f6lge park\u0131 yer almas\u0131 \u00f6ng\u00f6r\u00fcl\u00fcyordu.<\/p>\n<p>Belek Turizm Merkezi\u2019nde ilk yat\u0131r\u0131mlar 1987 y\u0131l\u0131nda ba\u015flad\u0131. \u00c7evre Du\u0308zeni Plan\u0131 do\u011frultusunda, \u201cTurizm tesis alan\u0131\u201d olarak belirlenen parsellerde yatak kapasitesi 650 olarak du\u0308zenlendi. 23 Temmuz 1989\u2019da uygulama imar plan\u0131 onayland\u0131 ve toplam kapasite 14 bin 950 olarak belirlendi. Turizm endu\u0308strisinin bu h\u0131zl\u0131 geli\u015fimi ka\u00e7\u0131n\u0131lmaz olarak altyap\u0131 sorunlar\u0131n\u0131 da beraberinde getirdi. Belek Turizm Merkezi\u2019ndeki altyap\u0131 sorunlar\u0131n\u0131n devlet ve \u00f6zel sekt\u00f6r i\u015fbirli\u011fiyle \u00e7\u00f6zu\u0308lmesi amac\u0131yla, 1989 y\u0131l\u0131nda Belek Turizm Yat\u0131r\u0131mc\u0131lar\u0131 Birli\u011fi kuruldu. K\u0131sa ad\u0131yla BETUYAB, ilk tahsisleri alan turizm yat\u0131r\u0131mc\u0131lar\u0131n\u0131n hayata ge\u00e7irdi\u011fi bir birlik olmu\u015ftu.<\/p>\n<p>1990 y\u0131l\u0131nda Belek Turizm Merkezi\u2019nin s\u0131n\u0131rlar\u0131 geni\u015fletildi; Belek ve Kadriye (Akk\u0131nlar) yerle\u015fimleri de bu kapsama al\u0131nd\u0131. Bu geni\u015flemenin amac\u0131, k\u0131y\u0131 ve gerisindeki orman alanlar\u0131nda planlanan turizm geli\u015fimine paralel olarak, geri sahada yer alan Belek ve Kadriye\u2019nin de kontrollu\u0308 ve planl\u0131 geli\u015fmelerinin sa\u011flanmas\u0131yd\u0131.<\/p>\n<p>Belek Turizm Merkezi\u2019nde 1984 y\u0131l\u0131nda ba\u015flayan kitle turizmi hareketi, 90\u2019l\u0131 y\u0131llarda golf turizmiyle \u00e7e\u015fitlendi. 2004 y\u0131l\u0131nda yap\u0131lan planlama ile turizm merkezi kapsam\u0131nda tu\u0308m tahsisler tamamland\u0131 ve in\u015fa halinde bulunan birka\u00e7 tesis d\u0131\u015f\u0131nda tesislerin hemen hepsi faaliyete ge\u00e7ti. 2006 y\u0131l\u0131nda ger\u00e7ekle\u015ftirilen yeni bir s\u0131n\u0131r geni\u015fletilmesi ile Belek Turizm Merkezi s\u0131n\u0131rlar\u0131 bugu\u0308nku\u0308 halini ald\u0131.<\/p>\n<p><iframe loading=\"lazy\" title=\"YouTube video player\" src=\"https:\/\/www.youtube.com\/embed\/oe_kmwcO1ag\" width=\"560\" height=\"315\" frameborder=\"0\" allowfullscreen=\"allowfullscreen\"><\/iframe>[\/vc_column_text][\/vc_column][\/vc_row][vc_row][vc_column][vc_column_text][\/vc_column_text][vc_media_grid element_width=&#8221;3&#8243; gap=&#8221;15&#8243; grid_id=&#8221;vc_gid:1689667470740-26324731e58e0aa8c6b231e8f73d50fb-2&#8243; include=&#8221;2594,2595,2596,2597,2598,2599,2600,2601,2602,2603,2604,2605,2606&#8243;][vc_column_text]<iframe loading=\"lazy\" style=\"border: 0;\" src=\"https:\/\/www.google.com\/maps\/embed?pb=!1m18!1m12!1m3!1d12772.072397582184!2d31.06830934995031!3d36.84204257826638!2m3!1f0!2f0!3f0!3m2!1i1024!2i768!4f13.1!3m3!1m2!1s0x14c37b355ab029e9%3A0x39e0e0881bf8897!2sBelek%20Halk%20Plaj%C4%B1!5e0!3m2!1str!2str!4v1689070426896!5m2!1str!2str\" width=\"1200\" height=\"500\" allowfullscreen=\"allowfullscreen\"><\/iframe>[\/vc_column_text][\/vc_column][\/vc_row]<\/p>\n<\/section>","protected":false},"excerpt":{"rendered":"<p>[vc_row css=&#8221;.vc_custom_1689162907067{margin-top: 30px !important;}&#8221;][vc_column][vc_images_carousel images=&#8221;2590,2591,2592,2593&#8243; img_size=&#8221;1145&#215;500&#8243;][vc_column_text][\/vc_column_text][vc_column_text][\/vc_column_text][\/vc_column][\/vc_row][vc_row][vc_column width=&#8221;1\/4&#8243;][vc_single_image image=&#8221;2614&#8243; img_size=&#8221;250&#215;250&#8243;][vc_custom_heading text=&#8221;\u00dccretsiz Ki\u015fi Giri\u015fi&#8221; font_container=&#8221;tag:h5|text_align:center&#8221; google_fonts=&#8221;font_family:Ubuntu%3A300%2C300italic%2Cregular%2Citalic%2C500%2C500italic%2C700%2C700italic|font_style:400%20regular%3A400%3Anormal&#8221;][vc_column_text] T\u00fcm plajlar\u0131m\u0131zda Ki\u015filerin giri\u015flerinden \u00fccret al\u0131nmamaktad\u0131r. [\/vc_column_text][\/vc_column][vc_column width=&#8221;1\/4&#8243;][vc_single_image image=&#8221;2615&#8243; img_size=&#8221;250&#215;250&#8243;][vc_custom_heading text=&#8221;Uygun Fiyatlar&#8221; font_container=&#8221;tag:h5|text_align:center&#8221; google_fonts=&#8221;font_family:Ubuntu%3A300%2C300italic%2Cregular%2Citalic%2C500%2C500italic%2C700%2C700italic|font_style:400%20regular%3A400%3Anormal&#8221;][vc_column_text] Uygun fiyatlar ile sizlere en kaliteli leziz \u00fcr\u00fcnleri sunar\u0131z [\/vc_column_text][\/vc_column][vc_column width=&#8221;1\/4&#8243;][vc_single_image image=&#8221;2616&#8243; img_size=&#8221;250&#215;250&#8243;][vc_custom_heading text=&#8221;Temiz Sahiller&#8221; font_container=&#8221;tag:h5|text_align:center&#8221; google_fonts=&#8221;font_family:Ubuntu%3A300%2C300italic%2Cregular%2Citalic%2C500%2C500italic%2C700%2C700italic|font_style:400%20regular%3A400%3Anormal&#8221;][vc_column_text] Sizler\u00a0 gelmeden \u00f6nce her sabah sizin i\u00e7in sahiller d\u00fczenlenir temizlenir. [&hellip;]<\/p>\n","protected":false},"author":1,"featured_media":0,"comment_status":"open","ping_status":"open","sticky":false,"template":"","format":"standard","meta":{"footnotes":""},"categories":[1],"tags":[],"class_list":["post-2881","post","type-post","status-publish","format-standard","hentry","category-haberler"],"_links":{"self":[{"href":"https:\/\/turas.com.tr\/index.php?rest_route=\/wp\/v2\/posts\/2881","targetHints":{"allow":["GET"]}}],"collection":[{"href":"https:\/\/turas.com.tr\/index.php?rest_route=\/wp\/v2\/posts"}],"about":[{"href":"https:\/\/turas.com.tr\/index.php?rest_route=\/wp\/v2\/types\/post"}],"author":[{"embeddable":true,"href":"https:\/\/turas.com.tr\/index.php?rest_route=\/wp\/v2\/users\/1"}],"replies":[{"embeddable":true,"href":"https:\/\/turas.com.tr\/index.php?rest_route=%2Fwp%2Fv2%2Fcomments&post=2881"}],"version-history":[{"count":1,"href":"https:\/\/turas.com.tr\/index.php?rest_route=\/wp\/v2\/posts\/2881\/revisions"}],"predecessor-version":[{"id":2882,"href":"https:\/\/turas.com.tr\/index.php?rest_route=\/wp\/v2\/posts\/2881\/revisions\/2882"}],"wp:attachment":[{"href":"https:\/\/turas.com.tr\/index.php?rest_route=%2Fwp%2Fv2%2Fmedia&parent=2881"}],"wp:term":[{"taxonomy":"category","embeddable":true,"href":"https:\/\/turas.com.tr\/index.php?rest_route=%2Fwp%2Fv2%2Fcategories&post=2881"},{"taxonomy":"post_tag","embeddable":true,"href":"https:\/\/turas.com.tr\/index.php?rest_route=%2Fwp%2Fv2%2Ftags&post=2881"}],"curies":[{"name":"wp","href":"https:\/\/api.w.org\/{rel}","templated":true}]}}